{"id":2804,"date":"2025-03-11T13:05:05","date_gmt":"2025-03-11T12:05:05","guid":{"rendered":"https:\/\/smartfreq.hu\/?p=2804"},"modified":"2025-03-11T13:05:47","modified_gmt":"2025-03-11T12:05:47","slug":"uj-kiberbiztonsagi-szabalyok-a-radioberendezesek-szamara-eu-2025-138-rendelet","status":"publish","type":"post","link":"https:\/\/smartfreq.hu\/en\/uj-kiberbiztonsagi-szabalyok-a-radioberendezesek-szamara-eu-2025-138-rendelet\/","title":{"rendered":"New cybersecurity rules for radio equipment: EU Regulation 2025\/138"},"content":{"rendered":"<div data-elementor-type=\"wp-post\" data-elementor-id=\"2804\" class=\"elementor elementor-2804\" data-elementor-settings=\"{&quot;element_pack_global_tooltip_width&quot;:{&quot;unit&quot;:&quot;px&quot;,&quot;size&quot;:&quot;&quot;,&quot;sizes&quot;:[]},&quot;element_pack_global_tooltip_width_tablet&quot;:{&quot;unit&quot;:&quot;px&quot;,&quot;size&quot;:&quot;&quot;,&quot;sizes&quot;:[]},&quot;element_pack_global_tooltip_width_mobile&quot;:{&quot;unit&quot;:&quot;px&quot;,&quot;size&quot;:&quot;&quot;,&quot;sizes&quot;:[]},&quot;element_pack_global_tooltip_padding&quot;:{&quot;unit&quot;:&quot;px&quot;,&quot;top&quot;:&quot;&quot;,&quot;right&quot;:&quot;&quot;,&quot;bottom&quot;:&quot;&quot;,&quot;left&quot;:&quot;&quot;,&quot;isLinked&quot;:true},&quot;element_pack_global_tooltip_padding_tablet&quot;:{&quot;unit&quot;:&quot;px&quot;,&quot;top&quot;:&quot;&quot;,&quot;right&quot;:&quot;&quot;,&quot;bottom&quot;:&quot;&quot;,&quot;left&quot;:&quot;&quot;,&quot;isLinked&quot;:true},&quot;element_pack_global_tooltip_padding_mobile&quot;:{&quot;unit&quot;:&quot;px&quot;,&quot;top&quot;:&quot;&quot;,&quot;right&quot;:&quot;&quot;,&quot;bottom&quot;:&quot;&quot;,&quot;left&quot;:&quot;&quot;,&quot;isLinked&quot;:true},&quot;element_pack_global_tooltip_border_radius&quot;:{&quot;unit&quot;:&quot;px&quot;,&quot;top&quot;:&quot;&quot;,&quot;right&quot;:&quot;&quot;,&quot;bottom&quot;:&quot;&quot;,&quot;left&quot;:&quot;&quot;,&quot;isLinked&quot;:true},&quot;element_pack_global_tooltip_border_radius_tablet&quot;:{&quot;unit&quot;:&quot;px&quot;,&quot;top&quot;:&quot;&quot;,&quot;right&quot;:&quot;&quot;,&quot;bottom&quot;:&quot;&quot;,&quot;left&quot;:&quot;&quot;,&quot;isLinked&quot;:true},&quot;element_pack_global_tooltip_border_radius_mobile&quot;:{&quot;unit&quot;:&quot;px&quot;,&quot;top&quot;:&quot;&quot;,&quot;right&quot;:&quot;&quot;,&quot;bottom&quot;:&quot;&quot;,&quot;left&quot;:&quot;&quot;,&quot;isLinked&quot;:true}}\">\n\t\t\t\t\t\t<section class=\"elementor-section elementor-top-section elementor-element elementor-element-bf87558 elementor-section-boxed elementor-section-height-default elementor-section-height-default\" data-id=\"bf87558\" data-element_type=\"section\" data-e-type=\"section\">\n\t\t\t\t\t\t<div class=\"elementor-container elementor-column-gap-default\">\n\t\t\t\t\t<div class=\"aux-parallax-section elementor-column elementor-col-100 elementor-top-column elementor-element elementor-element-c02ac3c\" data-id=\"c02ac3c\" data-element_type=\"column\" data-e-type=\"column\">\n\t\t\t<div class=\"elementor-widget-wrap elementor-element-populated\">\n\t\t\t\t\t\t<div class=\"elementor-element elementor-element-c2f08d9 elementor-widget elementor-widget-text-editor\" data-id=\"c2f08d9\" data-element_type=\"widget\" data-e-type=\"widget\" data-widget_type=\"text-editor.default\">\n\t\t\t\t<div class=\"elementor-widget-container\">\n\t\t\t\t\t\t\t\t\t<div><p class=\"break-words\"><strong>Mit v\u00e1rhatunk?<\/strong><br \/>A r\u00e1di\u00f3rendszerek m\u00e1ra mindennapi \u00e9let\u00fcnk elengedhetetlen r\u00e9sz\u00e9v\u00e9 v\u00e1ltak \u2013 az okosotthoni eszk\u00f6z\u00f6kt\u0151l az ipari IoT-alkalmaz\u00e1sokig terjed\u0151en. Az egyre nagyobb h\u00e1l\u00f3zatba kapcsolts\u00e1g azonban a kibert\u00e1mad\u00e1sok \u00e9s biztons\u00e1gi r\u00e9sek kock\u00e1zat\u00e1t is n\u00f6veli. Ezen kock\u00e1zatok kezel\u00e9s\u00e9re az Eur\u00f3pai Bizotts\u00e1g m\u00e1r 2021-ben elfogadott egy \u00faj rendeletet, amely a r\u00e1di\u00f3berendez\u00e9sek kiberbiztons\u00e1g\u00e1t hivatott meger\u0151s\u00edteni. A rendelet v\u00e9grehajt\u00e1sa 2025 augusztus\u00e1t\u00f3l v\u00e1lik k\u00f6telez\u0151v\u00e9.<\/p><p class=\"break-words\">Eddig hi\u00e1nyoztak azok a harmoniz\u00e1lt szabv\u00e1nyok, amelyek alapj\u00e1n az ipar \u00f6n\u00e1ll\u00f3an igazolhatn\u00e1 a CE-megfelel\u0151s\u00e9get*. 2025 janu\u00e1rj\u00e1ban az EU v\u00e9gre \u00fagy d\u00f6nt\u00f6tt, hogy az EN 18031-1-t\u0151l EN 18031-3-ig terjed\u0151 szabv\u00e1nysorozatot korl\u00e1toz\u00e1sokkal egy\u00fctt felveszi a jegyz\u00e9kbe.<\/p><ul class=\"marker:text-secondary\"><li class=\"break-words\">A CE-megfelel\u0151s\u00e9g azt jelzi, hogy egy term\u00e9k megfelel az alkalmazand\u00f3 eur\u00f3pai szab\u00e1lyoz\u00e1soknak \u00e9s szabv\u00e1nyoknak, amelyek a biztons\u00e1g, az eg\u00e9szs\u00e9g \u00e9s a k\u00f6rnyezetv\u00e9delem szempontj\u00e1b\u00f3l sz\u00fcks\u00e9gesek.<\/li><li class=\"break-words\">Az EN 18031 szabv\u00e1nysorozat h\u00e1rom r\u00e9szb\u0151l \u00e1ll, \u00e9s a r\u00e1di\u00f3rendszerek k\u00f6z\u00f6s biztons\u00e1gi k\u00f6vetelm\u00e9nyeit hat\u00e1rozza meg, p\u00e9ld\u00e1ul az internetkapcsolat, az adatv\u00e9delem \u00e9s a p\u00e9nz\u00fcgyi tranzakci\u00f3k ter\u00e9n.<\/li><\/ul><p class=\"break-words\"><strong>Mi\u00e9rt sz\u00fcks\u00e9ges a szab\u00e1lyoz\u00e1s fel\u00fclvizsg\u00e1lata?<\/strong><br \/>A r\u00e1di\u00f3berendez\u00e9sekr\u0151l sz\u00f3l\u00f3 ir\u00e1nyelv (2014\/53\/EU, m\u00e1s n\u00e9ven RED) el\u0151\u00edrja, hogy az EU-ban forgalmazott r\u00e1di\u00f3berendez\u00e9seknek meg kell felelni\u00fck bizonyos eg\u00e9szs\u00e9g\u00fcgyi, biztons\u00e1gi, elektrom\u00e1gneses kompatibilit\u00e1si \u00e9s spektrumhat\u00e9konys\u00e1gi k\u00f6vetelm\u00e9nyeknek. A digitaliz\u00e1ci\u00f3 \u00e9s a h\u00e1l\u00f3zatba kapcsol\u00f3d\u00e1s r\u00e9v\u00e9n azonban ezek az eszk\u00f6z\u00f6k ma m\u00e1r nem csup\u00e1n ad\u00f3- \u00e9s vev\u0151k\u00e9sz\u00fcl\u00e9kek, hanem h\u00e1l\u00f3zati rendszerek r\u00e9szei, \u00edgy potenci\u00e1lis c\u00e9lpontjai a kibert\u00e1mad\u00e1soknak.<\/p><p class=\"break-words\">Az (EU) 2022\/30 rendelet \u00e9ppen ez\u00e9rt tov\u00e1bbi kiberbiztons\u00e1gi k\u00f6vetelm\u00e9nyeket vezet be bizonyos r\u00e1di\u00f3berendez\u00e9sekre. Ezek a k\u00f6vetelm\u00e9nyek az adatv\u00e9delmet, a h\u00e1l\u00f3zati biztons\u00e1got \u00e9s a jogosulatlan hozz\u00e1f\u00e9r\u00e9s elleni v\u00e9delmet c\u00e9lozz\u00e1k.<\/p><p class=\"break-words\"><strong>Mi\u00e9rt kiemelten fontos ez az EU sz\u00e1m\u00e1ra?<\/strong><br \/>Az eszk\u00f6z\u00f6k fokozott h\u00e1l\u00f3zatba kapcsol\u00e1sa n\u00f6veli a kock\u00e1zatokat: a kibert\u00e1mad\u00e1sok, az adatvissza\u00e9l\u00e9sek \u00e9s a jogosulatlan hozz\u00e1f\u00e9r\u00e9sek mind olyan fenyeget\u00e9sek, amelyek a r\u00e1di\u00f3berendez\u00e9sek biztons\u00e1gi hi\u00e1nyoss\u00e1gaib\u00f3l fakadhatnak. A harmoniz\u00e1lt szabv\u00e1nyok egys\u00e9ges biztons\u00e1gi szintet teremtenek az EU-ban, ami er\u0151s\u00edti a fogyaszt\u00f3k bizalm\u00e1t, \u00e9s garant\u00e1lja, hogy az eszk\u00f6z\u00f6k az Uni\u00f3 teljes ter\u00fclet\u00e9n biztons\u00e1gosan haszn\u00e1lhat\u00f3k legyenek.<\/p><p class=\"break-words\"><strong>Milyen v\u00e1ltoz\u00e1sokat hoz a kiberbiztons\u00e1g integr\u00e1l\u00e1sa a RED-be?<\/strong><br \/>A r\u00e1di\u00f3berendez\u00e9sek h\u00e1l\u00f3zati rendszerek r\u00e9szek\u00e9nt potenci\u00e1lis c\u00e9lpontjai a kibert\u00e1mad\u00e1soknak. Az okosotthonok terjed\u00e9s\u00e9vel \u2013 p\u00e9ld\u00e1ul az okos ajt\u00f3z\u00e1rak, h\u00e1l\u00f3zatba kapcsolt kamer\u00e1k, hangasszisztensek \u00e9s IoT-kompatibilis h\u00e1ztart\u00e1si g\u00e9pek r\u00e9v\u00e9n \u2013 a kibert\u00e1mad\u00e1sok kock\u00e1zata is n\u0151. Ezek az eszk\u00f6z\u00f6k kaput nyithatnak a kiberbiztons\u00e1gi fenyeget\u00e9sek el\u0151tt.<\/p><p class=\"break-words\">Az EU rendelet hat\u00e1lyba l\u00e9p\u00e9s\u00e9vel a kiberbiztons\u00e1gi k\u00f6vetelm\u00e9nyek kib\u0151v\u00fclnek, \u00e9s a leg\u00fajabb technol\u00f3giai sz\u00ednvonalhoz igazodnak. A RED kiterjeszt\u00e9se h\u00e1rom \u00faj alpontot vezet be a 3(3) fejezetben:<\/p><ul class=\"marker:text-secondary\"><li class=\"break-words\">Minden olyan r\u00e1di\u00f3berendez\u00e9sre vonatkozik, amely a RED hat\u00e1lya al\u00e1 esik \u00e9s internetkapcsolattal rendelkezik.<\/li><li class=\"break-words\">Minden olyan r\u00e1di\u00f3berendez\u00e9sre vonatkozik, amely a RED al\u00e1 tartozik, internetkapcsolattal rendelkezik, \u00e9s szem\u00e9lyes adatokat vagy helyadatokat kezel.<\/li><li class=\"break-words\">Minden olyan r\u00e1di\u00f3berendez\u00e9sre vonatkozik, amely a RED hat\u00e1lya al\u00e1 esik, internetkapcsolattal rendelkezik, \u00e9s p\u00e9nzforgalommal vagy fizet\u00e9si funkci\u00f3kkal kapcsolatos inform\u00e1ci\u00f3kat cser\u00e9l vagy dolgoz fel.<\/li><\/ul><p class=\"break-words\">E c\u00e9lok \u00e9rdek\u00e9ben a CEN\/CENLEC h\u00e1rom \u00faj EN szabv\u00e1nyt dolgozott ki:<\/p><ul class=\"marker:text-secondary\"><li class=\"break-words\"><strong>EN 18031-1<\/strong> a 3(3)(d) fejezethez<\/li><li class=\"break-words\"><strong>EN 18031-2<\/strong> a 3(3)(e) fejezethez<\/li><li class=\"break-words\"><strong>EN 18031-3<\/strong> a 3(3)(f) fejezethez<\/li><\/ul><ul class=\"marker:text-secondary\"><li class=\"break-words\">A CEN (Eur\u00f3pai Szabv\u00e1ny\u00fcgyi Bizotts\u00e1g) \u00e9s a CENELEC (Eur\u00f3pai Elektrotechnikai Szabv\u00e1ny\u00fcgyi Bizotts\u00e1g) olyan eur\u00f3pai szervezetek, amelyek a technikai szabv\u00e1nyok kidolgoz\u00e1s\u00e1\u00e9rt \u00e9s harmoniz\u00e1l\u00e1s\u00e1\u00e9rt felel\u0151sek.<\/li><\/ul><p class=\"break-words\"><strong>Milyen kih\u00edv\u00e1sokat jelentenek az \u00faj EN szabv\u00e1nyok \u00e9s a CE-megfelel\u0151s\u00e9g?<\/strong><br \/>B\u00e1r a szabv\u00e1nyokat tematikusan felosztott\u00e1k, az egyes fejezetek \u00e9s szabv\u00e1nyok \u00e1ltal lefedett r\u00e1di\u00f3berendez\u00e9sek \u00e9s alkalmaz\u00e1sok sz\u00e1ma tov\u00e1bbra is jelent\u0151s. Ez komoly neh\u00e9zs\u00e9geket okozott a CEN\/CENLEC sz\u00e1m\u00e1ra a szabv\u00e1nyok kidolgoz\u00e1sa sor\u00e1n.<\/p><p class=\"break-words\">Az \u00faj EN szabv\u00e1nyok alapj\u00e1n a CE-megfelel\u0151s\u00e9g \u00f6nbevall\u00e1sa akkor lehets\u00e9ges, ha betartj\u00e1k az EU Bizotts\u00e1g \u00e1ltal meghat\u00e1rozott n\u00e9gy korl\u00e1toz\u00e1st. Az els\u0151 korl\u00e1toz\u00e1s, amely szerint a szabv\u00e1nyokban szerepl\u0151 p\u00e9ld\u00e1k \u00e9s kieg\u00e9sz\u00edt\u0151 magyar\u00e1zatok nem haszn\u00e1lhat\u00f3k a CE-megfelel\u0151s\u00e9g igazol\u00e1s\u00e1ra, k\u00f6nnyen alkalmazhat\u00f3. A tov\u00e1bbi h\u00e1rom korl\u00e1toz\u00e1s azonban nagyobb figyelmet ig\u00e9nyel. Ezeket az EU az (EU) 2025\/138 hat\u00e1rozatban r\u00e9szletezi, \u00e9s egy k\u00fcl\u00f6n \u201enem k\u00f6telez\u0151 \u00e9rv\u00e9ny\u0171 \u00fatmutat\u00f3\u201d dokumentumban magyar\u00e1zza el.<\/p><\/div>\t\t\t\t\t\t\t\t<\/div>\n\t\t\t\t<\/div>\n\t\t\t\t\t<\/div>\n\t\t<\/div>\n\t\t\t\t\t<\/div>\n\t\t<\/section>\n\t\t\t\t<\/div>","protected":false},"excerpt":{"rendered":"<p>Mit v\u00e1rhatunk?A r\u00e1di\u00f3rendszerek m\u00e1ra mindennapi \u00e9let\u00fcnk elengedhetetlen r\u00e9sz\u00e9v\u00e9 v\u00e1ltak \u2013 az okosotthoni eszk\u00f6z\u00f6kt\u0151l az ipari IoT-alkalmaz\u00e1sokig terjed\u0151en. Az egyre nagyobb h\u00e1l\u00f3zatba kapcsolts\u00e1g azonban a kibert\u00e1mad\u00e1sok \u00e9s biztons\u00e1gi r\u00e9sek kock\u00e1zat\u00e1t is n\u00f6veli. Ezen kock\u00e1zatok kezel\u00e9s\u00e9re az Eur\u00f3pai Bizotts\u00e1g m\u00e1r 2021-ben elfogadott egy \u00faj rendeletet, amely a r\u00e1di\u00f3berendez\u00e9sek kiberbiztons\u00e1g\u00e1t hivatott meger\u0151s\u00edteni. A rendelet v\u00e9grehajt\u00e1sa 2025 augusztus\u00e1t\u00f3l v\u00e1lik [&hellip;]<\/p>\n","protected":false},"author":1,"featured_media":2807,"comment_status":"closed","ping_status":"closed","sticky":false,"template":"","format":"standard","meta":{"_seopress_robots_primary_cat":"none","_seopress_titles_title":"","_seopress_titles_desc":"","_seopress_robots_index":"","footnotes":""},"categories":[1],"tags":[],"class_list":["post-2804","post","type-post","status-publish","format-standard","has-post-thumbnail","hentry","category-egyeb"],"_links":{"self":[{"href":"https:\/\/smartfreq.hu\/en\/wp-json\/wp\/v2\/posts\/2804","targetHints":{"allow":["GET"]}}],"collection":[{"href":"https:\/\/smartfreq.hu\/en\/wp-json\/wp\/v2\/posts"}],"about":[{"href":"https:\/\/smartfreq.hu\/en\/wp-json\/wp\/v2\/types\/post"}],"author":[{"embeddable":true,"href":"https:\/\/smartfreq.hu\/en\/wp-json\/wp\/v2\/users\/1"}],"replies":[{"embeddable":true,"href":"https:\/\/smartfreq.hu\/en\/wp-json\/wp\/v2\/comments?post=2804"}],"version-history":[{"count":4,"href":"https:\/\/smartfreq.hu\/en\/wp-json\/wp\/v2\/posts\/2804\/revisions"}],"predecessor-version":[{"id":2811,"href":"https:\/\/smartfreq.hu\/en\/wp-json\/wp\/v2\/posts\/2804\/revisions\/2811"}],"wp:featuredmedia":[{"embeddable":true,"href":"https:\/\/smartfreq.hu\/en\/wp-json\/wp\/v2\/media\/2807"}],"wp:attachment":[{"href":"https:\/\/smartfreq.hu\/en\/wp-json\/wp\/v2\/media?parent=2804"}],"wp:term":[{"taxonomy":"category","embeddable":true,"href":"https:\/\/smartfreq.hu\/en\/wp-json\/wp\/v2\/categories?post=2804"},{"taxonomy":"post_tag","embeddable":true,"href":"https:\/\/smartfreq.hu\/en\/wp-json\/wp\/v2\/tags?post=2804"}],"curies":[{"name":"wp","href":"https:\/\/api.w.org\/{rel}","templated":true}]}}